{"@context":"https:\/\/schema.org\/","@type":"CollectionPage","@id":"https:\/\/www.ruefa.cz\/produkty\/#CollectionPage","headline":"Produkty Category","description":"","url":"https:\/\/www.ruefa.cz\/produkty\/","hasPart":[{"@type":"Article","@id":"https:\/\/www.ruefa.cz\/espresso-vse-co-potrebujete-vedet-o-nejoblibenejsi-kave-sveta\/","headline":"Espresso: V\u0161e, co pot\u0159ebujete v\u011bd\u011bt o nejobl\u00edben\u011bj\u0161\u00ed k\u00e1v\u011b sv\u011bta","url":"https:\/\/www.ruefa.cz\/espresso-vse-co-potrebujete-vedet-o-nejoblibenejsi-kave-sveta\/","datePublished":"2025-05-24","dateModified":"2025-05-24","mainEntityOfPage":"https:\/\/www.ruefa.cz\/espresso-vse-co-potrebujete-vedet-o-nejoblibenejsi-kave-sveta\/","author":{"@type":"Person","@id":"https:\/\/www.ruefa.cz\/author\/#Person","name":"","url":"https:\/\/www.ruefa.cz\/author\/","identifier":1,"image":{"@type":"ImageObject","@id":"https:\/\/secure.gravatar.com\/avatar\/baa231f7e1963b29d6549eb0e137b049d877d4e97c51386f463c7d4fc98329bd?s=96&d=mm&r=g","url":"https:\/\/secure.gravatar.com\/avatar\/baa231f7e1963b29d6549eb0e137b049d877d4e97c51386f463c7d4fc98329bd?s=96&d=mm&r=g","height":96,"width":96}},"publisher":{"@type":"Organization","name":"ruefa.cz","logo":{"@type":"ImageObject","@id":"\/logo.png","url":"\/logo.png","width":600,"height":60}},"image":{"@type":"ImageObject","@id":"https:\/\/www.ruefa.cz\/wp-content\/uploads\/9444c120-f3ca-4c86-95f3-76bf4a486324_ZnVGQi.png","url":"https:\/\/www.ruefa.cz\/wp-content\/uploads\/9444c120-f3ca-4c86-95f3-76bf4a486324_ZnVGQi.png","height":0,"width":0},"keywords":null},{"@type":"Article","@id":"https:\/\/www.ruefa.cz\/uvod-do-arduina-co-to-je-a-kde-zacit\/","headline":"\u00davod do Arduina: Co to je a kde za\u010d\u00edt?","url":"https:\/\/www.ruefa.cz\/uvod-do-arduina-co-to-je-a-kde-zacit\/","datePublished":"2024-11-11","dateModified":"2024-11-11","mainEntityOfPage":"https:\/\/www.ruefa.cz\/uvod-do-arduina-co-to-je-a-kde-zacit\/","author":{"@type":"Person","@id":"https:\/\/www.ruefa.cz\/author\/#Person","name":"","url":"https:\/\/www.ruefa.cz\/author\/","identifier":1,"image":{"@type":"ImageObject","@id":"https:\/\/secure.gravatar.com\/avatar\/baa231f7e1963b29d6549eb0e137b049d877d4e97c51386f463c7d4fc98329bd?s=96&d=mm&r=g","url":"https:\/\/secure.gravatar.com\/avatar\/baa231f7e1963b29d6549eb0e137b049d877d4e97c51386f463c7d4fc98329bd?s=96&d=mm&r=g","height":96,"width":96}},"publisher":{"@type":"Organization","name":"ruefa.cz","logo":{"@type":"ImageObject","@id":"\/logo.png","url":"\/logo.png","width":600,"height":60}},"image":{"@type":"ImageObject","@id":"https:\/\/www.ruefa.cz\/wp-content\/uploads\/arduino_uno_1_7EwGF1.jpg","url":"https:\/\/www.ruefa.cz\/wp-content\/uploads\/arduino_uno_1_7EwGF1.jpg","height":0,"width":0},"keywords":null},{"@type":"Article","@id":"https:\/\/www.ruefa.cz\/aby-se-u-vas-na-rande-citila-pritelkyne-skvele-aneb-jakou-mate-kuchyn\/","headline":"Aby se u v\u00e1s na rande c\u00edtila p\u0159\u00edtelkyn\u011b skv\u011ble aneb jakou m\u00e1te kuchy\u0148","url":"https:\/\/www.ruefa.cz\/aby-se-u-vas-na-rande-citila-pritelkyne-skvele-aneb-jakou-mate-kuchyn\/","datePublished":"2024-07-27","dateModified":"2024-07-27","mainEntityOfPage":"https:\/\/www.ruefa.cz\/aby-se-u-vas-na-rande-citila-pritelkyne-skvele-aneb-jakou-mate-kuchyn\/","author":{"@type":"Person","@id":"https:\/\/www.ruefa.cz\/author\/#Person","name":"","url":"https:\/\/www.ruefa.cz\/author\/","identifier":1,"image":{"@type":"ImageObject","@id":"https:\/\/secure.gravatar.com\/avatar\/baa231f7e1963b29d6549eb0e137b049d877d4e97c51386f463c7d4fc98329bd?s=96&d=mm&r=g","url":"https:\/\/secure.gravatar.com\/avatar\/baa231f7e1963b29d6549eb0e137b049d877d4e97c51386f463c7d4fc98329bd?s=96&d=mm&r=g","height":96,"width":96}},"publisher":{"@type":"Organization","name":"ruefa.cz","logo":{"@type":"ImageObject","@id":"\/logo.png","url":"\/logo.png","width":600,"height":60}},"image":{"@type":"ImageObject","@id":"https:\/\/www.ruefa.cz\/wp-content\/uploads\/woman-1979272_640_10_3.jpg","url":"https:\/\/www.ruefa.cz\/wp-content\/uploads\/woman-1979272_640_10_3.jpg","height":0,"width":0},"keywords":null},{"@type":"Article","@id":"https:\/\/www.ruefa.cz\/kde-uplatnit-dekoracni-kaminky\/","headline":"Kde uplatnit dekora\u010dn\u00ed kam\u00ednky","url":"https:\/\/www.ruefa.cz\/kde-uplatnit-dekoracni-kaminky\/","datePublished":"2024-07-12","dateModified":"2024-07-12","mainEntityOfPage":"https:\/\/www.ruefa.cz\/kde-uplatnit-dekoracni-kaminky\/","author":{"@type":"Person","@id":"https:\/\/www.ruefa.cz\/author\/#Person","name":"","url":"https:\/\/www.ruefa.cz\/author\/","identifier":1,"image":{"@type":"ImageObject","@id":"https:\/\/secure.gravatar.com\/avatar\/baa231f7e1963b29d6549eb0e137b049d877d4e97c51386f463c7d4fc98329bd?s=96&d=mm&r=g","url":"https:\/\/secure.gravatar.com\/avatar\/baa231f7e1963b29d6549eb0e137b049d877d4e97c51386f463c7d4fc98329bd?s=96&d=mm&r=g","height":96,"width":96}},"publisher":{"@type":"Organization","name":"ruefa.cz","logo":{"@type":"ImageObject","@id":"\/logo.png","url":"\/logo.png","width":600,"height":60}},"image":{"@type":"ImageObject","@id":"https:\/\/www.ruefa.cz\/wp-content\/uploads\/stones-1372677_640_1.jpg","url":"https:\/\/www.ruefa.cz\/wp-content\/uploads\/stones-1372677_640_1.jpg","height":0,"width":0},"keywords":null},{"@type":"Article","@id":"https:\/\/www.ruefa.cz\/jak-vyzdobit-a-zkraslit-betonovy-plot-drevem\/","headline":"Jak vyzdobit a zkr\u00e1\u0161lit betonov\u00fd plot d\u0159evem","url":"https:\/\/www.ruefa.cz\/jak-vyzdobit-a-zkraslit-betonovy-plot-drevem\/","datePublished":"2024-01-14","dateModified":"2024-02-19","mainEntityOfPage":"https:\/\/www.ruefa.cz\/jak-vyzdobit-a-zkraslit-betonovy-plot-drevem\/","author":{"@type":"Person","@id":"https:\/\/www.ruefa.cz\/author\/#Person","name":"","url":"https:\/\/www.ruefa.cz\/author\/","identifier":1,"image":{"@type":"ImageObject","@id":"https:\/\/secure.gravatar.com\/avatar\/baa231f7e1963b29d6549eb0e137b049d877d4e97c51386f463c7d4fc98329bd?s=96&d=mm&r=g","url":"https:\/\/secure.gravatar.com\/avatar\/baa231f7e1963b29d6549eb0e137b049d877d4e97c51386f463c7d4fc98329bd?s=96&d=mm&r=g","height":96,"width":96}},"publisher":{"@type":"Organization","name":"ruefa.cz","logo":{"@type":"ImageObject","@id":"\/logo.png","url":"\/logo.png","width":600,"height":60}},"image":{"@type":"ImageObject","@id":"https:\/\/www.ruefa.cz\/wp-content\/uploads\/ivy-1659088_640_8.jpg","url":"https:\/\/www.ruefa.cz\/wp-content\/uploads\/ivy-1659088_640_8.jpg","height":0,"width":0},"keywords":null},{"@type":"Article","@id":"https:\/\/www.ruefa.cz\/objevte-spolu-s-nami-fascinujici-svet-mineralu-a-drahych-kamenu\/","headline":"Objevte spolu s n\u00e1mi fascinuj\u00edc\u00ed sv\u011bt miner\u00e1l\u016f a drah\u00fdch kamen\u016f","url":"https:\/\/www.ruefa.cz\/objevte-spolu-s-nami-fascinujici-svet-mineralu-a-drahych-kamenu\/","datePublished":"2023-12-04","dateModified":"2023-12-15","mainEntityOfPage":"https:\/\/www.ruefa.cz\/objevte-spolu-s-nami-fascinujici-svet-mineralu-a-drahych-kamenu\/","author":{"@type":"Person","@id":"https:\/\/www.ruefa.cz\/author\/#Person","name":"","url":"https:\/\/www.ruefa.cz\/author\/","identifier":1,"image":{"@type":"ImageObject","@id":"https:\/\/secure.gravatar.com\/avatar\/baa231f7e1963b29d6549eb0e137b049d877d4e97c51386f463c7d4fc98329bd?s=96&d=mm&r=g","url":"https:\/\/secure.gravatar.com\/avatar\/baa231f7e1963b29d6549eb0e137b049d877d4e97c51386f463c7d4fc98329bd?s=96&d=mm&r=g","height":96,"width":96}},"publisher":{"@type":"Organization","name":"ruefa.cz","logo":{"@type":"ImageObject","@id":"\/logo.png","url":"\/logo.png","width":600,"height":60}},"image":{"@type":"ImageObject","@id":"https:\/\/www.ruefa.cz\/wp-content\/uploads\/kristal_FhX53D.jpg","url":"https:\/\/www.ruefa.cz\/wp-content\/uploads\/kristal_FhX53D.jpg","height":0,"width":0},"keywords":null},{"@type":"Article","@id":"https:\/\/www.ruefa.cz\/pocasi-nemusi-ovlivnit-vasi-urodu\/","headline":"Po\u010das\u00ed nemus\u00ed ovlivnit va\u0161i \u00farodu","url":"https:\/\/www.ruefa.cz\/pocasi-nemusi-ovlivnit-vasi-urodu\/","datePublished":"2023-11-03","dateModified":"2023-12-01","mainEntityOfPage":"https:\/\/www.ruefa.cz\/pocasi-nemusi-ovlivnit-vasi-urodu\/","author":{"@type":"Person","@id":"https:\/\/www.ruefa.cz\/author\/#Person","name":"","url":"https:\/\/www.ruefa.cz\/author\/","identifier":1,"image":{"@type":"ImageObject","@id":"https:\/\/secure.gravatar.com\/avatar\/baa231f7e1963b29d6549eb0e137b049d877d4e97c51386f463c7d4fc98329bd?s=96&d=mm&r=g","url":"https:\/\/secure.gravatar.com\/avatar\/baa231f7e1963b29d6549eb0e137b049d877d4e97c51386f463c7d4fc98329bd?s=96&d=mm&r=g","height":96,"width":96}},"publisher":{"@type":"Organization","name":"ruefa.cz","logo":{"@type":"ImageObject","@id":"\/logo.png","url":"\/logo.png","width":600,"height":60}},"image":{"@type":"ImageObject","@id":"https:\/\/www.ruefa.cz\/wp-content\/uploads\/polykarbonatovy_sklenik_uE9twJ.jpg","url":"https:\/\/www.ruefa.cz\/wp-content\/uploads\/polykarbonatovy_sklenik_uE9twJ.jpg","height":0,"width":0},"keywords":null},{"@type":"Article","@id":"https:\/\/www.ruefa.cz\/viagra-bez-receptu-proc-ne\/","headline":"Viagra bez receptu? Pro\u010d ne!","url":"https:\/\/www.ruefa.cz\/viagra-bez-receptu-proc-ne\/","datePublished":"2023-10-23","dateModified":"2023-11-29","mainEntityOfPage":"https:\/\/www.ruefa.cz\/viagra-bez-receptu-proc-ne\/","author":{"@type":"Person","@id":"https:\/\/www.ruefa.cz\/author\/#Person","name":"","url":"https:\/\/www.ruefa.cz\/author\/","identifier":1,"image":{"@type":"ImageObject","@id":"https:\/\/secure.gravatar.com\/avatar\/baa231f7e1963b29d6549eb0e137b049d877d4e97c51386f463c7d4fc98329bd?s=96&d=mm&r=g","url":"https:\/\/secure.gravatar.com\/avatar\/baa231f7e1963b29d6549eb0e137b049d877d4e97c51386f463c7d4fc98329bd?s=96&d=mm&r=g","height":96,"width":96}},"publisher":{"@type":"Organization","name":"ruefa.cz","logo":{"@type":"ImageObject","@id":"\/logo.png","url":"\/logo.png","width":600,"height":60}},"image":{"@type":"ImageObject","@id":"https:\/\/www.ruefa.cz\/wp-content\/uploads\/pexels-antoni-shkraba-7971723.jpg","url":"https:\/\/www.ruefa.cz\/wp-content\/uploads\/pexels-antoni-shkraba-7971723.jpg","height":0,"width":0},"keywords":null},{"@type":"Article","@id":"https:\/\/www.ruefa.cz\/ibc-kontejnery\/","headline":"Ibc kontejnery.","url":"https:\/\/www.ruefa.cz\/ibc-kontejnery\/","datePublished":"2023-09-23","dateModified":"2023-12-13","mainEntityOfPage":"https:\/\/www.ruefa.cz\/ibc-kontejnery\/","author":{"@type":"Person","@id":"https:\/\/www.ruefa.cz\/author\/#Person","name":"","url":"https:\/\/www.ruefa.cz\/author\/","identifier":1,"image":{"@type":"ImageObject","@id":"https:\/\/secure.gravatar.com\/avatar\/baa231f7e1963b29d6549eb0e137b049d877d4e97c51386f463c7d4fc98329bd?s=96&d=mm&r=g","url":"https:\/\/secure.gravatar.com\/avatar\/baa231f7e1963b29d6549eb0e137b049d877d4e97c51386f463c7d4fc98329bd?s=96&d=mm&r=g","height":96,"width":96}},"publisher":{"@type":"Organization","name":"ruefa.cz","logo":{"@type":"ImageObject","@id":"\/logo.png","url":"\/logo.png","width":600,"height":60}},"image":{"@type":"ImageObject","@id":"https:\/\/www.ruefa.cz\/wp-content\/uploads\/the-bottle-5128607_1280_5.jpg","url":"https:\/\/www.ruefa.cz\/wp-content\/uploads\/the-bottle-5128607_1280_5.jpg","height":0,"width":0},"keywords":null},{"@type":"Article","@id":"https:\/\/www.ruefa.cz\/ochranna-tvrzena-skla-a-folie-na-apple-iphone-15-co-byste-meli-vedet\/","headline":"Ochrann\u00e1 tvrzen\u00e1 skla a f\u00f3lie na Apple iPhone 15: Co byste m\u011bli v\u011bd\u011bt","url":"https:\/\/www.ruefa.cz\/ochranna-tvrzena-skla-a-folie-na-apple-iphone-15-co-byste-meli-vedet\/","datePublished":"2023-09-05","dateModified":"2023-10-04","mainEntityOfPage":"https:\/\/www.ruefa.cz\/ochranna-tvrzena-skla-a-folie-na-apple-iphone-15-co-byste-meli-vedet\/","author":{"@type":"Person","@id":"https:\/\/www.ruefa.cz\/author\/#Person","name":"","url":"https:\/\/www.ruefa.cz\/author\/","identifier":1,"image":{"@type":"ImageObject","@id":"https:\/\/secure.gravatar.com\/avatar\/baa231f7e1963b29d6549eb0e137b049d877d4e97c51386f463c7d4fc98329bd?s=96&d=mm&r=g","url":"https:\/\/secure.gravatar.com\/avatar\/baa231f7e1963b29d6549eb0e137b049d877d4e97c51386f463c7d4fc98329bd?s=96&d=mm&r=g","height":96,"width":96}},"publisher":{"@type":"Organization","name":"ruefa.cz","logo":{"@type":"ImageObject","@id":"\/logo.png","url":"\/logo.png","width":600,"height":60}},"image":{"@type":"ImageObject","@id":"https:\/\/www.ruefa.cz\/wp-content\/uploads\/tvrzene_sklo_rwmlIU.jpg","url":"https:\/\/www.ruefa.cz\/wp-content\/uploads\/tvrzene_sklo_rwmlIU.jpg","height":0,"width":0},"keywords":null}]}